{"id":843,"date":"2012-08-23T22:12:30","date_gmt":"2012-08-23T21:12:30","guid":{"rendered":"http:\/\/nosolomates.es\/?p=843"},"modified":"2012-08-24T02:14:47","modified_gmt":"2012-08-24T01:14:47","slug":"a-vueltas-con-el-perimetro","status":"publish","type":"post","link":"https:\/\/nosolomates.es\/?p=843","title":{"rendered":"A vueltas con el per\u00edmetro"},"content":{"rendered":"<p>Despu\u00e9s de tres d\u00edas con una nube permanente en el cielo y 10.000 hect\u00e1reas arrasadas por las llamas (seg\u00fan la Junta, pero se habla de m\u00e1s de 15.000), por fin hoy el incendio de Castrocontrigo ha salido en las portadas de diarios nacionales. Eso s\u00ed, exceptuando El Pa\u00eds, en los dem\u00e1s s\u00f3lo sale en la edici\u00f3n de Castilla y Le\u00f3n (El Mundo lo hizo ayer). Uno, a pesar de saber que vive en una zona marginal del pa\u00eds, no acaba de explicarse esta invisibilidad en los medios, sobre todo cuando est\u00e1 acostumbrado a &#8220;salir en los papeles&#8221; casi exclusivamente por tragedias. Se ve que ya ni las tragedias interesan. Parece que nos hemos convertido a nivel nacional, lo que \u00c1frica es a nivel internacional, ya que ha habido incendios mucho m\u00e1s peque\u00f1os que han recibido mucha mayor cobertura medi\u00e1tica.<br \/>\n<center><\/p>\n<table>\n<tr>\n<td><a href=\"wp-content\/uploads\/Desde-Leon.jpg\"><img decoding=\"async\" src=\"wp-content\/uploads\/Desde-Leon.jpg\" alt=\"\" title=\"Desde Le\u00f3n\" height=\"145\" class=\"alignnone size-medium wp-image-1513\" \/><\/a>&nbsp;<\/td>\n<td>&nbsp;<a href=\"wp-content\/uploads\/Desde-Santi1.jpg\"><img decoding=\"async\" src=\"wp-content\/uploads\/Desde-Santi1.jpg\" alt=\"\" title=\"Desde Santi\" height=\"145\" class=\"alignnone size-medium wp-image-1518\" \/><\/a><\/td>\n<\/tr>\n<tr>\n<td><center><span2>(Foto de Ver\u00f3nica Mendoza)<\/span2><\/center><\/td>\n<td><\/td>\n<\/tr>\n<\/table>\n<p><\/center><\/p>\n<p>Pero el post no es para quejarme de esta invisibilidad, sino para deciros que, por culpa de la misma, los que no teng\u00e1is acceso a La Raz\u00f3n Edici\u00f3n Castilla y Le\u00f3n (versi\u00f3n papel) os hab\u00e9is perdido el titular sobre el incendio (si yo no lo hubiera escaneado, claro est\u00e1). Y es que dicho titular no tiene desperdicio. Mirad, mirad:<\/p>\n<p><a href=\"wp-content\/uploads\/portadaRazon.jpg\"><img decoding=\"async\" src=\"wp-content\/uploads\/portadaRazon.jpg\" alt=\"\" title=\"portadaRazon\" width=\"600\" class=\"aligncenter size-full wp-image-1523\" \/><\/a><\/p>\n<p>As\u00ed, una simple l\u00ednea bajo la cabecera, sin foto ni nada, como intentando pasar desapercibida. Pero claro, \u00bfc\u00f3mo va a pasar desapercibida una noticia de un incendio con \u00a1\u00a1un radio de 60 km!!? Eso ser\u00eda un di\u00e1metro de 120 km, cuando la distancia Norte-Sur de la provincia de Le\u00f3n es de poco m\u00e1s de 100 km. La superficie de un incendio es irregular, pero si la aproximamos a un c\u00edrculo, un radio de 60 km nos da un \u00e1rea de A = &pi;R<sup>2<\/sup> = 3&#8217;14\u00b760<sup>2<\/sup> = 11310 km<sup>2<\/sup> que, si la antigua equivalencia 1 km<sup>2<\/sup> = 100 Ha sigue siendo vigente, vienen siendo \u00a1m\u00e1s de un mill\u00f3n de hect\u00e1reas!<\/p>\n<p>Parece mucho, as\u00ed que abrimos el peri\u00f3dico y nos vamos a la p\u00e1gina indicada, a ver si nos aclaran algo. Nos encontramos lo siguiente:<\/p>\n<p><a href=\"wp-content\/uploads\/titularRazon.jpg\"><img decoding=\"async\" src=\"wp-content\/uploads\/titularRazon.jpg\" alt=\"\" title=\"titularRazon\" width=\"600\" class=\"aligncenter size-full wp-image-1529\" \/><\/a><\/p>\n<p>Algo falla. \u00bfS\u00f3lo 10.000 Ha? \u00bfManteniendo el dato de 60 km de radio? Parece que no nos vamos a librar de leer la noticia entera, necesitamos m\u00e1s datos para saber qu\u00e9 est\u00e1 pasando aqu\u00ed.<\/p>\n<p><a href=\"wp-content\/uploads\/noticiaRazon.jpg\"><img decoding=\"async\" src=\"wp-content\/uploads\/noticiaRazon.jpg\" alt=\"\" title=\"noticiaRazon\" height=\"350\" class=\"alignleft size-full wp-image-1537\" \/><\/a> Afortunadamente, no tenemos que leer mucho para dar con la respuesta, la encontramos en el segundo p\u00e1rrafo. Parece ser que el se\u00f1or J.M.S.\/Agencias tiene dificultades para distinguir el radio del per\u00edmetro. Vamos a ayudarle con este peque\u00f1o flash:<center>\n<object classid=\"clsid:D27CDB6E-AE6D-11cf-96B8-444553540000\"\n\t\t\tid=\"fm_perimetro_1547948849\"\n\t\t\tclass=\"flashmovie\"\n\t\t\twidth=\"350\"\n\t\t\theight=\"180\">\n\t<param name=\"movie\" value=\"wp-content\/uploads\/perimetro.swf\" \/>\n\t<!--[if !IE]>-->\n\t<object\ttype=\"application\/x-shockwave-flash\"\n\t\t\tdata=\"wp-content\/uploads\/perimetro.swf\"\n\t\t\tname=\"fm_perimetro_1547948849\"\n\t\t\twidth=\"350\"\n\t\t\theight=\"180\">\n\t<!--<![endif]-->\n\t\t<a href=\"http:\/\/adobe.com\/go\/getflashplayer\"><img decoding=\"async\" src=\"http:\/\/www.adobe.com\/images\/shared\/download_buttons\/get_flash_player.gif\" alt=\"Get Adobe Flash player\" \/><\/a><br \/>\n\n\t<!--[if !IE]>-->\n\t<\/object>\n\t<!--<![endif]-->\n<\/object><\/center><\/p>\n<p>Efectivamente, el per\u00edmetro es m\u00e1s de 6 veces el radio (concretamente, 6&#8217;28 veces, 2&pi;). Es incre\u00edble que en la misma p\u00e1gina nos encontremos las palabras &#8220;radio&#8221; y &#8220;per\u00edmetro&#8221; como si fueran sin\u00f3nimos, ya que se trata no de geometr\u00eda b\u00e1sica, sino de vocabulario b\u00e1sico.<\/p>\n<p>El de La Raz\u00f3n es el caso m\u00e1s exagerado (por venir en portada y poner las dos cosas a la vez), pero no el \u00fanico. Tambi\u00e9n en El Mundo se l\u00edan con ambos conceptos. As\u00ed, al leer la noticia, hablan de un &#8220;per\u00edmetro de 15 kil\u00f3metros&#8221;, cuando era de 60, aunque aqu\u00ed no tengo claro si confunden el &#8220;per\u00edmetro&#8221; con el &#8220;radio&#8221; o con los &#8220;frentes de 15 kil\u00f3metros&#8221; de los que hablan en El Pa\u00eds. En cualquier caso, espero que vosotros no tuvi\u00e9rais dudas o, en caso de que s\u00ed, espero que se os hayan despejado despues de leer esta entrada.<\/p>\n<div class=\"sharedaddy sd-sharing-enabled\"><div class=\"robots-nocontent sd-block sd-social sd-social-official sd-sharing\"><div class=\"sd-content\"><ul><li class=\"share-facebook\"><div class=\"fb-share-button\" data-href=\"https:\/\/nosolomates.es\/?p=843\" data-layout=\"button_count\"><\/div><\/li><li class=\"share-twitter\"><a href=\"https:\/\/twitter.com\/share\" class=\"twitter-share-button\" data-url=\"https:\/\/nosolomates.es\/?p=843\" data-text=\"A vueltas con el per\u00edmetro\"  >Tweet<\/a><\/li><li class=\"share-linkedin\"><div class=\"linkedin_button\"><script type=\"in\/share\" data-url=\"https:\/\/nosolomates.es\/?p=843\" data-counter=\"right\"><\/script><\/div><\/li><li class=\"share-pinterest\"><div class=\"pinterest_button\"><a href=\"https:\/\/www.pinterest.com\/pin\/create\/button\/?url=https%3A%2F%2Fnosolomates.es%2F%3Fp%3D843&#038;media=https%3A%2F%2Fsecure.gravatar.com%2Favatar%2Fc9ba1828908559b850337a4baa073367%3Fs%3D96%26d%3Dmm%26r%3Dg&#038;description=A%20vueltas%20con%20el%20per%C3%ADmetro\" data-pin-do=\"buttonPin\" data-pin-config=\"beside\"><img src=\"\/\/assets.pinterest.com\/images\/pidgets\/pinit_fg_en_rect_gray_20.png\" \/><\/a><\/div><\/li><li class=\"share-end\"><\/li><\/ul><\/div><\/div><\/div>","protected":false},"excerpt":{"rendered":"<p>Despu\u00e9s de tres d\u00edas con una nube permanente en el cielo y 10.000 hect\u00e1reas arrasadas por las llamas (seg\u00fan la Junta, pero se habla de m\u00e1s de 15.000), por fin hoy el incendio de Castrocontrigo ha salido en las portadas &hellip; <a href=\"https:\/\/nosolomates.es\/?p=843\">Sigue leyendo <span class=\"meta-nav\">&rarr;<\/span><\/a><\/p>\n<div class=\"sharedaddy sd-sharing-enabled\"><div class=\"robots-nocontent sd-block sd-social sd-social-official sd-sharing\"><div class=\"sd-content\"><ul><li class=\"share-facebook\"><div class=\"fb-share-button\" data-href=\"https:\/\/nosolomates.es\/?p=843\" data-layout=\"button_count\"><\/div><\/li><li class=\"share-twitter\"><a href=\"https:\/\/twitter.com\/share\" class=\"twitter-share-button\" data-url=\"https:\/\/nosolomates.es\/?p=843\" data-text=\"A vueltas con el per\u00edmetro\"  >Tweet<\/a><\/li><li class=\"share-linkedin\"><div class=\"linkedin_button\"><script type=\"in\/share\" data-url=\"https:\/\/nosolomates.es\/?p=843\" data-counter=\"right\"><\/script><\/div><\/li><li class=\"share-pinterest\"><div class=\"pinterest_button\"><a href=\"https:\/\/www.pinterest.com\/pin\/create\/button\/?url=https%3A%2F%2Fnosolomates.es%2F%3Fp%3D843&#038;media=https%3A%2F%2Fsecure.gravatar.com%2Favatar%2Fc9ba1828908559b850337a4baa073367%3Fs%3D96%26d%3Dmm%26r%3Dg&#038;description=A%20vueltas%20con%20el%20per%C3%ADmetro\" data-pin-do=\"buttonPin\" data-pin-config=\"beside\"><img src=\"\/\/assets.pinterest.com\/images\/pidgets\/pinit_fg_en_rect_gray_20.png\" \/><\/a><\/div><\/li><li class=\"share-end\"><\/li><\/ul><\/div><\/div><\/div>","protected":false},"author":1,"featured_media":0,"comment_status":"open","ping_status":"open","sticky":false,"template":"","format":"standard","meta":{"jetpack_post_was_ever_published":false,"footnotes":"","jetpack_publicize_message":"","jetpack_is_tweetstorm":false,"jetpack_publicize_feature_enabled":true,"jetpack_social_post_already_shared":false,"jetpack_social_options":[]},"categories":[5,16],"tags":[],"jetpack_publicize_connections":[],"jetpack_featured_media_url":"","jetpack_shortlink":"https:\/\/wp.me\/p9BfV-dB","jetpack_sharing_enabled":true,"_links":{"self":[{"href":"https:\/\/nosolomates.es\/index.php?rest_route=\/wp\/v2\/posts\/843"}],"collection":[{"href":"https:\/\/nosolomates.es\/index.php?rest_route=\/wp\/v2\/posts"}],"about":[{"href":"https:\/\/nosolomates.es\/index.php?rest_route=\/wp\/v2\/types\/post"}],"author":[{"embeddable":true,"href":"https:\/\/nosolomates.es\/index.php?rest_route=\/wp\/v2\/users\/1"}],"replies":[{"embeddable":true,"href":"https:\/\/nosolomates.es\/index.php?rest_route=%2Fwp%2Fv2%2Fcomments&post=843"}],"version-history":[{"count":1,"href":"https:\/\/nosolomates.es\/index.php?rest_route=\/wp\/v2\/posts\/843\/revisions"}],"predecessor-version":[{"id":844,"href":"https:\/\/nosolomates.es\/index.php?rest_route=\/wp\/v2\/posts\/843\/revisions\/844"}],"wp:attachment":[{"href":"https:\/\/nosolomates.es\/index.php?rest_route=%2Fwp%2Fv2%2Fmedia&parent=843"}],"wp:term":[{"taxonomy":"category","embeddable":true,"href":"https:\/\/nosolomates.es\/index.php?rest_route=%2Fwp%2Fv2%2Fcategories&post=843"},{"taxonomy":"post_tag","embeddable":true,"href":"https:\/\/nosolomates.es\/index.php?rest_route=%2Fwp%2Fv2%2Ftags&post=843"}],"curies":[{"name":"wp","href":"https:\/\/api.w.org\/{rel}","templated":true}]}}