{"id":56,"date":"2007-04-24T18:32:57","date_gmt":"2007-04-24T17:32:57","guid":{"rendered":"http:\/\/nosolomates.es\/?p=56"},"modified":"2007-04-24T18:32:57","modified_gmt":"2007-04-24T17:32:57","slug":"%c2%bfcuando-es-el-dia-del-libro","status":"publish","type":"post","link":"http:\/\/nosolomates.es\/?p=56","title":{"rendered":"\u00bfCu\u00e1ndo es el D\u00eda del Libro?"},"content":{"rendered":"<p>Ayer fue el D\u00eda del Libro\u00a0 pero como aqu\u00ed en Castilla y Le\u00f3n tambi\u00e9n es el D\u00eda de la Comunidad, no hubo clase. Esto\u00a0hizo que\u00a0a) no pudiera celebrarlo en clase y b) me fuera de &#8220;minivacaciones&#8221; (dar\u00e9 cuenta de ellas en una Cr\u00f3nica), no escribiendo el post correspondiente. De todas formas, como lo que pienso siempre que llega cualquier &#8220;D\u00eda de&#8221; es que el verdadero &#8220;D\u00eda de&#8221; deber\u00edan ser Todos Los Dem\u00e1s, no voy a recomendar hoy ning\u00fan libro. Lo har\u00e9 como hasta ahora, cuando me apetezca, sin tener que mirar la fecha del calendario. Y es que cualquier d\u00eda es bueno para recomendar, leer o regalar un libro.<\/p>\n<p>Adem\u00e1s, como la &#8220;celebraci\u00f3n&#8221; del D\u00eda del Libro parece consistir en regalar un libro (en realidad &#8220;comprar&#8221; un libro), est\u00e1 bastante claro que se trata de una simple operaci\u00f3n comercial que no aporta nada al hecho de que los j\u00f3venes (y los no tan j\u00f3venes) aprecien el placer de la lectura, que es precisamente lo que este blog busca. De modo que, en vez de hacer una recomendaci\u00f3n literaria, el d\u00eda de ayer lo voy a utilizar para hablar de los calendarios y las fechas.<\/p>\n<p>Como muchos de vosotros sabr\u00e9is, el D\u00eda del Libro se celebra el 23 de Abril porque en esa fecha murieron los dos escritores &#8220;m\u00e1s grandes&#8221; de la literatura castellana (Cervantes) e inglesa (Shakespeare). No solo murieron los dos un 23 de Abril, sino que adem\u00e1s los dos murieron el mismo a\u00f1o, 1616. A\u00fan as\u00ed, hago bien al decir &#8220;la misma fecha&#8221;, porque, aunque ambos murieron el 23 de Abril de 1616, <em>no murieron el mismo d\u00eda. <\/em>En realidad, Shakespeare muri\u00f3 11 d\u00edas despu\u00e9s de Cervantes.<\/p>\n<p>Esto se debe a que, por aquellos a\u00f1os, en Espa\u00f1a ya se utilizaba el calendario Gregoriano (establecido por el Papa Gregorio XIII en 1582) y en Inglaterra todav\u00eda usaban el calendario Juliano (no adoptaron el gregoriano hasta 1752). La diferencia entre esos dos calendarios era precisamente de 11 d\u00edas.<\/p>\n<p>\u00bfPor qu\u00e9 este cambio de calendarios? Se debe a que lo que entendemos por a\u00f1o es el tiempo que tarda\u00a0la Tierra\u00a0en dar una vuelta completa alrededor del Sol. Sabemos que es 365 d\u00edas pero, en realidad son 365&#8217;25 (m\u00e1s exactamente 365&#8217;242189). Es el mismo motivo de que actualmente tengamos los a\u00f1os bisiestos. Cada 4 a\u00f1os metemos un d\u00eda m\u00e1s en el calendario para corregir ese 0&#8217;25. Como desde los romanos no se hab\u00eda hecho esta correcci\u00f3n, el error se hab\u00eda ido acumulando, por lo que los <a target=\"_blank\" href=\"http:\/\/es.wikipedia.org\/wiki\/Equinoccio\">equinoccios<\/a> (cuando el d\u00eda dura lo mismo que la noche, el 21 de marzo y el 23 de Septiembre) y los <a target=\"_blank\" href=\"http:\/\/es.wikipedia.org\/wiki\/Solsticio\">solsticios<\/a> (salt\u00e1ndonos los formalismos, cuando el Sol esta m\u00e1s alto en el cielo o m\u00e1s bajo, el 21 de junio y el 21 de diciembre. En el Hemisferio Sur al rev\u00e9s) no ocurr\u00edan cuando deber\u00edan ocurrir, sino 11 d\u00edas\u00a0despu\u00e9s (por ejemplo, el equinoccio de primavera, en vez de ser el 21 de marzo, ocurr\u00eda el\u00a01 de abril). Esto llev\u00f3 al Papa Gregorio XIII a hacer la correcci\u00f3n\u00a0del calendario y a introducir los a\u00f1os bisiestos para que el error no se volviera a acumular.<\/p>\n<p>Hoy d\u00eda sabemos que, como tampoco es 365&#8217;25, sino 365&#8217;242189&#8230;, introduciendo un d\u00eda extra cada 4 a\u00f1os nos pasar\u00edamos un poco. Por eso, los a\u00f1os terminados en 00, que deber\u00edan ser bisiestos, no lo son (1700, 1800, 1900, etc). Pero, seg\u00fan esto, el a\u00f1o 2000 no deber\u00eda ser bisiesto y lo fue. Eso es porque, como nos obsesionamos con la precisi\u00f3n, si quitamos esos a\u00f1os bisiestos nos volver\u00edamos a quedar cortos, de modo que, cada 400 a\u00f1os, el a\u00f1o acabado en 00 que no deber\u00eda ser bisiesto seg\u00fan la \u00faltima regla, s\u00ed lo es. Y ese a\u00f1o le toc\u00f3 al 2000. El a\u00f1o 2100 no ser\u00e1 bisiesto y 1900 tampoco lo fue, pero 2400 (si llegamos) s\u00ed lo ser\u00e1.<\/p>\n<p>En resumen, que cada 4 a\u00f1os ponemos un a\u00f1o bisiesto, cada 100 a\u00f1os quitamos uno de esos a\u00f1os bisiestos, y cada 400 a\u00f1os nos saltamos la regla de los 100 a\u00f1os. Seguramente eso todav\u00eda necesite alguna correcci\u00f3n cada 1000 o 2000 a\u00f1os, pero no me la s\u00e9 y ya no me parece demasiado importante. S\u00ed he o\u00eddo algo de que hace pocos a\u00f1os (no s\u00e9 si en el 2000) en Nochevieja adelantaron un segundo los relojes para controlar esta imprecisi\u00f3n, pero a mi me gusta ser curioso sin caer en la obsesi\u00f3n. En cualquier caso, siempre ten\u00e9is Google si quer\u00e9is informaros m\u00e1s.<\/p>\n<p>Un dato menos conocido y m\u00e1s interesante es el hecho de que el escritor peruano Inca Garcilaso de la Vega (no confundir con el espa\u00f1ol Garcilaso de la Vega), tambi\u00e9n muri\u00f3 el 23 de abril de 1616. Y esto\u00a0es lo que os voy a dejar\u00a0como trabajo de investigaci\u00f3n: \u00bfMuri\u00f3 Inca Garcilaso el mismo d\u00eda que William o el mismo d\u00eda que Miguel?<\/p>\n<div class=\"sharedaddy sd-sharing-enabled\"><div class=\"robots-nocontent sd-block sd-social sd-social-official sd-sharing\"><div class=\"sd-content\"><ul><li class=\"share-facebook\"><div class=\"fb-share-button\" data-href=\"http:\/\/nosolomates.es\/?p=56\" data-layout=\"button_count\"><\/div><\/li><li class=\"share-twitter\"><a href=\"https:\/\/twitter.com\/share\" class=\"twitter-share-button\" data-url=\"http:\/\/nosolomates.es\/?p=56\" data-text=\"\u00bfCu\u00e1ndo es el D\u00eda del Libro?\"  >Tweet<\/a><\/li><li class=\"share-linkedin\"><div class=\"linkedin_button\"><script type=\"in\/share\" data-url=\"http:\/\/nosolomates.es\/?p=56\" data-counter=\"right\"><\/script><\/div><\/li><li class=\"share-pinterest\"><div class=\"pinterest_button\"><a href=\"https:\/\/www.pinterest.com\/pin\/create\/button\/?url=http%3A%2F%2Fnosolomates.es%2F%3Fp%3D56&#038;media=http%3A%2F%2F0.gravatar.com%2Favatar%2Fc9ba1828908559b850337a4baa073367%3Fs%3D96%26d%3Dmm%26r%3Dg&#038;description=%C2%BFCu%C3%A1ndo%20es%20el%20D%C3%ADa%20del%20Libro%3F\" data-pin-do=\"buttonPin\" data-pin-config=\"beside\"><img src=\"\/\/assets.pinterest.com\/images\/pidgets\/pinit_fg_en_rect_gray_20.png\" \/><\/a><\/div><\/li><li class=\"share-end\"><\/li><\/ul><\/div><\/div><\/div>","protected":false},"excerpt":{"rendered":"<p>Ayer fue el D\u00eda del Libro\u00a0 pero como aqu\u00ed en Castilla y Le\u00f3n tambi\u00e9n es el D\u00eda de la Comunidad, no hubo clase. Esto\u00a0hizo que\u00a0a) no pudiera celebrarlo en clase y b) me fuera de &#8220;minivacaciones&#8221; (dar\u00e9 cuenta de ellas &hellip; <a href=\"http:\/\/nosolomates.es\/?p=56\">Sigue leyendo <span class=\"meta-nav\">&rarr;<\/span><\/a><\/p>\n<div class=\"sharedaddy sd-sharing-enabled\"><div class=\"robots-nocontent sd-block sd-social sd-social-official sd-sharing\"><div class=\"sd-content\"><ul><li class=\"share-facebook\"><div class=\"fb-share-button\" data-href=\"http:\/\/nosolomates.es\/?p=56\" data-layout=\"button_count\"><\/div><\/li><li class=\"share-twitter\"><a href=\"https:\/\/twitter.com\/share\" class=\"twitter-share-button\" data-url=\"http:\/\/nosolomates.es\/?p=56\" data-text=\"\u00bfCu\u00e1ndo es el D\u00eda del Libro?\"  >Tweet<\/a><\/li><li class=\"share-linkedin\"><div class=\"linkedin_button\"><script type=\"in\/share\" data-url=\"http:\/\/nosolomates.es\/?p=56\" data-counter=\"right\"><\/script><\/div><\/li><li class=\"share-pinterest\"><div class=\"pinterest_button\"><a href=\"https:\/\/www.pinterest.com\/pin\/create\/button\/?url=http%3A%2F%2Fnosolomates.es%2F%3Fp%3D56&#038;media=http%3A%2F%2F0.gravatar.com%2Favatar%2Fc9ba1828908559b850337a4baa073367%3Fs%3D96%26d%3Dmm%26r%3Dg&#038;description=%C2%BFCu%C3%A1ndo%20es%20el%20D%C3%ADa%20del%20Libro%3F\" data-pin-do=\"buttonPin\" data-pin-config=\"beside\"><img src=\"\/\/assets.pinterest.com\/images\/pidgets\/pinit_fg_en_rect_gray_20.png\" \/><\/a><\/div><\/li><li class=\"share-end\"><\/li><\/ul><\/div><\/div><\/div>","protected":false},"author":2,"featured_media":0,"comment_status":"open","ping_status":"open","sticky":false,"template":"","format":"standard","meta":{"jetpack_post_was_ever_published":false,"footnotes":"","jetpack_publicize_message":"","jetpack_is_tweetstorm":false,"jetpack_publicize_feature_enabled":true,"jetpack_social_post_already_shared":false,"jetpack_social_options":[]},"categories":[6,10,13,14],"tags":[],"jetpack_publicize_connections":[],"jetpack_featured_media_url":"","jetpack_shortlink":"https:\/\/wp.me\/p9BfV-U","jetpack_sharing_enabled":true,"_links":{"self":[{"href":"http:\/\/nosolomates.es\/index.php?rest_route=\/wp\/v2\/posts\/56"}],"collection":[{"href":"http:\/\/nosolomates.es\/index.php?rest_route=\/wp\/v2\/posts"}],"about":[{"href":"http:\/\/nosolomates.es\/index.php?rest_route=\/wp\/v2\/types\/post"}],"author":[{"embeddable":true,"href":"http:\/\/nosolomates.es\/index.php?rest_route=\/wp\/v2\/users\/2"}],"replies":[{"embeddable":true,"href":"http:\/\/nosolomates.es\/index.php?rest_route=%2Fwp%2Fv2%2Fcomments&post=56"}],"version-history":[{"count":0,"href":"http:\/\/nosolomates.es\/index.php?rest_route=\/wp\/v2\/posts\/56\/revisions"}],"wp:attachment":[{"href":"http:\/\/nosolomates.es\/index.php?rest_route=%2Fwp%2Fv2%2Fmedia&parent=56"}],"wp:term":[{"taxonomy":"category","embeddable":true,"href":"http:\/\/nosolomates.es\/index.php?rest_route=%2Fwp%2Fv2%2Fcategories&post=56"},{"taxonomy":"post_tag","embeddable":true,"href":"http:\/\/nosolomates.es\/index.php?rest_route=%2Fwp%2Fv2%2Ftags&post=56"}],"curies":[{"name":"wp","href":"https:\/\/api.w.org\/{rel}","templated":true}]}}