{"id":224,"date":"2009-03-25T13:28:36","date_gmt":"2009-03-25T12:28:36","guid":{"rendered":"http:\/\/nosolomates.es\/?p=224"},"modified":"2015-08-10T18:18:58","modified_gmt":"2015-08-10T16:18:58","slug":"el-radio-de-la-tierra","status":"publish","type":"post","link":"http:\/\/nosolomates.es\/?p=224","title":{"rendered":"El Radio de la Tierra"},"content":{"rendered":"<p>Ma\u00f1ana, 26 de marzo, es el d\u00eda elegido para realizar la actividad &#8220;Medida del Radio de la Tierra&#8221;, dentro de los actos del A\u00f1o Internacional de la Astronom\u00eda. Ser\u00e1 una actividad para realizar en los centros educativos (ya hay m\u00e1s de 800 institutos inscritos), bas\u00e1ndose en el experimento que hace ya m\u00e1s de 2000 a\u00f1os realiz\u00f3 Erat\u00f3stenes en Alejandr\u00eda.<\/p>\n<p>Casualidades de la vida, Bo\u00f1ar y Piedrahita est\u00e1n en el mismo meridiano, de modo que, adem\u00e1s de hacer la medida conjuntamente con los otros 800 centros a trav\u00e9s de la web oficial, podremos realizar los c\u00e1lculos con una llamada de tel\u00e9fono, mucho m\u00e1s r\u00e1pido y m\u00e1s directo. <\/p>\n<p>Para la actividad, he preparado la presentaci\u00f3n que os dejo a continuaci\u00f3n, para que aquellos que teng\u00e1is curiosidad sep\u00e1is c\u00f3mo se puede medir el radio de la Tierra. Por limitaciones de SlideShare, no se oye la m\u00fasica y las diapositivas salen de una vez, en lugar de poco a poco, como deber\u00eda ser. Si quer\u00e9is verla en su formato original, pod\u00e9is descargarla <a target=\"_blank\" href=\"http:\/\/nosolomates.es\/archivos\/radiotierra.pps\">desde aqu\u00ed<\/a>.<\/p>\n<iframe src=\"\/\/docs.google.com\/viewer?url=http%3A%2F%2Fnosolomates.es%2Farchivos%2Fradiotierra.pps&hl=es&embedded=true\" class=\"gde-frame\" style=\"width:100%; height:450px; border: none;\" scrolling=\"no\"><\/iframe>\n<p class=\"gde-text\"><a href=\"http:\/\/nosolomates.es\/archivos\/radiotierra.pps\" class=\"gde-link\">Descargar (PPS, 4.01MB)<\/a><\/p>\n<p>Nuestra medida ser\u00e1 p\u00fablica, en la plaza del pueblo, para poder explicarle a la gente que pase y sienta curiosidad qu\u00e9 es lo que estamos haciendo y para qu\u00e9, por lo que est\u00e1is todos invitados.<br \/>\nPor supuesto, escribir\u00e9 alg\u00fan post con los resultados y alguna foto de la actividad, que espero se desarrolle sin ning\u00fan problema.<\/p>\n<div class=\"sharedaddy sd-sharing-enabled\"><div class=\"robots-nocontent sd-block sd-social sd-social-official sd-sharing\"><div class=\"sd-content\"><ul><li class=\"share-facebook\"><div class=\"fb-share-button\" data-href=\"http:\/\/nosolomates.es\/?p=224\" data-layout=\"button_count\"><\/div><\/li><li class=\"share-twitter\"><a href=\"https:\/\/twitter.com\/share\" class=\"twitter-share-button\" data-url=\"http:\/\/nosolomates.es\/?p=224\" data-text=\"El Radio de la Tierra\"  >Tweet<\/a><\/li><li class=\"share-linkedin\"><div class=\"linkedin_button\"><script type=\"in\/share\" data-url=\"http:\/\/nosolomates.es\/?p=224\" data-counter=\"right\"><\/script><\/div><\/li><li class=\"share-pinterest\"><div class=\"pinterest_button\"><a href=\"https:\/\/www.pinterest.com\/pin\/create\/button\/?url=http%3A%2F%2Fnosolomates.es%2F%3Fp%3D224&#038;media=http%3A%2F%2F0.gravatar.com%2Favatar%2Fc9ba1828908559b850337a4baa073367%3Fs%3D96%26d%3Dmm%26r%3Dg&#038;description=El%20Radio%20de%20la%20Tierra\" data-pin-do=\"buttonPin\" data-pin-config=\"beside\"><img src=\"\/\/assets.pinterest.com\/images\/pidgets\/pinit_fg_en_rect_gray_20.png\" \/><\/a><\/div><\/li><li class=\"share-end\"><\/li><\/ul><\/div><\/div><\/div>","protected":false},"excerpt":{"rendered":"<p>Ma\u00f1ana, 26 de marzo, es el d\u00eda elegido para realizar la actividad &#8220;Medida del Radio de la Tierra&#8221;, dentro de los actos del A\u00f1o Internacional de la Astronom\u00eda. Ser\u00e1 una actividad para realizar en los centros educativos (ya hay m\u00e1s &hellip; <a href=\"http:\/\/nosolomates.es\/?p=224\">Sigue leyendo <span class=\"meta-nav\">&rarr;<\/span><\/a><\/p>\n<div class=\"sharedaddy sd-sharing-enabled\"><div class=\"robots-nocontent sd-block sd-social sd-social-official sd-sharing\"><div class=\"sd-content\"><ul><li class=\"share-facebook\"><div class=\"fb-share-button\" data-href=\"http:\/\/nosolomates.es\/?p=224\" data-layout=\"button_count\"><\/div><\/li><li class=\"share-twitter\"><a href=\"https:\/\/twitter.com\/share\" class=\"twitter-share-button\" data-url=\"http:\/\/nosolomates.es\/?p=224\" data-text=\"El Radio de la Tierra\"  >Tweet<\/a><\/li><li class=\"share-linkedin\"><div class=\"linkedin_button\"><script type=\"in\/share\" data-url=\"http:\/\/nosolomates.es\/?p=224\" data-counter=\"right\"><\/script><\/div><\/li><li class=\"share-pinterest\"><div class=\"pinterest_button\"><a href=\"https:\/\/www.pinterest.com\/pin\/create\/button\/?url=http%3A%2F%2Fnosolomates.es%2F%3Fp%3D224&#038;media=http%3A%2F%2F0.gravatar.com%2Favatar%2Fc9ba1828908559b850337a4baa073367%3Fs%3D96%26d%3Dmm%26r%3Dg&#038;description=El%20Radio%20de%20la%20Tierra\" data-pin-do=\"buttonPin\" data-pin-config=\"beside\"><img src=\"\/\/assets.pinterest.com\/images\/pidgets\/pinit_fg_en_rect_gray_20.png\" \/><\/a><\/div><\/li><li class=\"share-end\"><\/li><\/ul><\/div><\/div><\/div>","protected":false},"author":1,"featured_media":0,"comment_status":"open","ping_status":"open","sticky":false,"template":"","format":"standard","meta":{"jetpack_post_was_ever_published":false,"footnotes":"","jetpack_publicize_message":"","jetpack_is_tweetstorm":false,"jetpack_publicize_feature_enabled":true,"jetpack_social_post_already_shared":false,"jetpack_social_options":[]},"categories":[21,14],"tags":[],"jetpack_publicize_connections":[],"jetpack_featured_media_url":"","jetpack_shortlink":"https:\/\/wp.me\/p9BfV-3C","jetpack_sharing_enabled":true,"_links":{"self":[{"href":"http:\/\/nosolomates.es\/index.php?rest_route=\/wp\/v2\/posts\/224"}],"collection":[{"href":"http:\/\/nosolomates.es\/index.php?rest_route=\/wp\/v2\/posts"}],"about":[{"href":"http:\/\/nosolomates.es\/index.php?rest_route=\/wp\/v2\/types\/post"}],"author":[{"embeddable":true,"href":"http:\/\/nosolomates.es\/index.php?rest_route=\/wp\/v2\/users\/1"}],"replies":[{"embeddable":true,"href":"http:\/\/nosolomates.es\/index.php?rest_route=%2Fwp%2Fv2%2Fcomments&post=224"}],"version-history":[{"count":4,"href":"http:\/\/nosolomates.es\/index.php?rest_route=\/wp\/v2\/posts\/224\/revisions"}],"predecessor-version":[{"id":1023,"href":"http:\/\/nosolomates.es\/index.php?rest_route=\/wp\/v2\/posts\/224\/revisions\/1023"}],"wp:attachment":[{"href":"http:\/\/nosolomates.es\/index.php?rest_route=%2Fwp%2Fv2%2Fmedia&parent=224"}],"wp:term":[{"taxonomy":"category","embeddable":true,"href":"http:\/\/nosolomates.es\/index.php?rest_route=%2Fwp%2Fv2%2Fcategories&post=224"},{"taxonomy":"post_tag","embeddable":true,"href":"http:\/\/nosolomates.es\/index.php?rest_route=%2Fwp%2Fv2%2Ftags&post=224"}],"curies":[{"name":"wp","href":"https:\/\/api.w.org\/{rel}","templated":true}]}}